{"id":191,"date":"2014-06-20T12:26:34","date_gmt":"2014-06-20T15:26:34","guid":{"rendered":"http:\/\/ciaexcessos.com.br\/ciawp\/?p=191"},"modified":"2015-08-31T21:31:19","modified_gmt":"2015-09-01T00:31:19","slug":"exposicao-coletiva-trees-outside-the-academy","status":"publish","type":"post","link":"http:\/\/ciaexcessos.com.br\/en\/2014\/06\/20\/exposicao-coletiva-trees-outside-the-academy\/","title":{"rendered":"20\/06-27\/07\/2014 __ Exposi\u00e7\u00e3o coletiva &#8220;&#8216;Trees Outside the Academy&#8217;: Pr\u00e1ticas colectivas\/ Collective Practices&#8221;, Centro para os Assuntos da Arte e Arquitectura &#8211; CAAA, Guimar\u00e3es, Portugal"},"content":{"rendered":"<p>&nbsp;<\/p>\n<p style=\"text-align: center;\"><a href=\"http:\/\/ciaexcessos.com.br\/ciawp\/wp-content\/uploads\/2014\/06\/exposi\u00e7\u00e3o_coletiva_Trees-Outside-the-Academy_Pr\u00e1ticas-colectivas_Collective-Practices_caaa.jpg\"><img loading=\"lazy\" decoding=\"async\" class=\"alignnone wp-image-193 size-large\" title=\"O pol\u00edptico &quot;Homenagem a Oscar Niemeyer&quot; de Paulo Aureliano da Mata (Cia. Excessos) e &quot;Entrar no Samba&quot; de Tales Frey (Cia. Excessos) est\u00e3o na exposi\u00e7\u00e3o coletiva &quot;'Trees Outside the Academy': Pr\u00e1ticas colectivas\/ Collective Practices&quot;. De 20 de junho a 27 de julho de 2014. Centro para os Assuntos da Arte e Arquitectura - CAAA, Guimar\u00e3es, Portugal. Ver em: http:\/\/www.centroaaa.org.\" src=\"http:\/\/ciaexcessos.com.br\/ciawp\/wp-content\/uploads\/2014\/06\/exposi\u00e7\u00e3o_coletiva_Trees-Outside-the-Academy_Pr\u00e1ticas-colectivas_Collective-Practices_caaa-724x1024.jpg\" alt=\"\" width=\"640\" height=\"905\" srcset=\"http:\/\/ciaexcessos.com.br\/ciawp\/wp-content\/uploads\/2014\/06\/exposi\u00e7\u00e3o_coletiva_Trees-Outside-the-Academy_Pr\u00e1ticas-colectivas_Collective-Practices_caaa-724x1024.jpg 724w, http:\/\/ciaexcessos.com.br\/ciawp\/wp-content\/uploads\/2014\/06\/exposi\u00e7\u00e3o_coletiva_Trees-Outside-the-Academy_Pr\u00e1ticas-colectivas_Collective-Practices_caaa-212x300.jpg 212w, http:\/\/ciaexcessos.com.br\/ciawp\/wp-content\/uploads\/2014\/06\/exposi\u00e7\u00e3o_coletiva_Trees-Outside-the-Academy_Pr\u00e1ticas-colectivas_Collective-Practices_caaa.jpg 1448w\" sizes=\"auto, (max-width: 640px) 100vw, 640px\" \/><\/a><\/p>\n<p>&nbsp;<\/p>\n<p style=\"text-align: justify;\"><span style=\"color: #000000;\"><em>Homenagem a Oscar Niemeyer<\/em>\u00a0(pol\u00edptico), de Paulo Aureliano da Mata (Cia. Excessos) e <em>Entrar no Samba<\/em>,\u00a0de Tales Frey (Cia. Excessos) est\u00e3o na exposi\u00e7\u00e3o coletiva\u00a0<strong>\u201cTrees Outside the Academy\u201d: Pr\u00e1ticas colectivas\/ Collective Practices<\/strong>. De 20 de junho a 27 de julho de 2014. Centro para os Assuntos da Arte e Arquitectura &#8211; CAAA, Guimar\u00e3es, Portugal. Ver em:\u00a0<span style=\"text-decoration: underline;\"><a style=\"color: #000000; text-decoration: underline;\" href=\"http:\/\/www.centroaaa.org\/\" target=\"_blank\">http:\/\/www.centroaaa.org<\/a><\/span><\/span><\/p>\n","protected":false},"excerpt":{"rendered":"<p>&nbsp; &nbsp; Homenagem a Oscar Niemeyer\u00a0(pol\u00edptico), de Paulo Aureliano da Mata (Cia. Excessos) e Entrar [&hellip;]<\/p>\n","protected":false},"author":1,"featured_media":0,"comment_status":"open","ping_status":"open","sticky":false,"template":"","format":"standard","meta":{"footnotes":""},"categories":[1],"tags":[],"class_list":["post-191","post","type-post","status-publish","format-standard","hentry","category-agenda"],"_links":{"self":[{"href":"http:\/\/ciaexcessos.com.br\/en\/wp-json\/wp\/v2\/posts\/191","targetHints":{"allow":["GET"]}}],"collection":[{"href":"http:\/\/ciaexcessos.com.br\/en\/wp-json\/wp\/v2\/posts"}],"about":[{"href":"http:\/\/ciaexcessos.com.br\/en\/wp-json\/wp\/v2\/types\/post"}],"author":[{"embeddable":true,"href":"http:\/\/ciaexcessos.com.br\/en\/wp-json\/wp\/v2\/users\/1"}],"replies":[{"embeddable":true,"href":"http:\/\/ciaexcessos.com.br\/en\/wp-json\/wp\/v2\/comments?post=191"}],"version-history":[{"count":10,"href":"http:\/\/ciaexcessos.com.br\/en\/wp-json\/wp\/v2\/posts\/191\/revisions"}],"predecessor-version":[{"id":435,"href":"http:\/\/ciaexcessos.com.br\/en\/wp-json\/wp\/v2\/posts\/191\/revisions\/435"}],"wp:attachment":[{"href":"http:\/\/ciaexcessos.com.br\/en\/wp-json\/wp\/v2\/media?parent=191"}],"wp:term":[{"taxonomy":"category","embeddable":true,"href":"http:\/\/ciaexcessos.com.br\/en\/wp-json\/wp\/v2\/categories?post=191"},{"taxonomy":"post_tag","embeddable":true,"href":"http:\/\/ciaexcessos.com.br\/en\/wp-json\/wp\/v2\/tags?post=191"}],"curies":[{"name":"wp","href":"https:\/\/api.w.org\/{rel}","templated":true}]}}