{"id":202,"date":"2014-09-04T12:39:13","date_gmt":"2014-09-04T15:39:13","guid":{"rendered":"http:\/\/ciaexcessos.com.br\/ciawp\/?p=202"},"modified":"2015-08-31T21:30:10","modified_gmt":"2015-09-01T00:30:10","slug":"vitrine-de-projetos","status":"publish","type":"post","link":"http:\/\/ciaexcessos.com.br\/en\/2014\/09\/04\/vitrine-de-projetos\/","title":{"rendered":"04\/09-12\/10\/2014 __ Exposi\u00e7\u00e3o coletiva &#8220;Vitrine de Projetos: Ensaios sobre a Fronteira&#8221;, Galeria Marta Traba, Funda\u00e7\u00e3o Memorial da Am\u00e9rica Latina, S\u00e3o Paulo, Brasil"},"content":{"rendered":"<p>&nbsp;<\/p>\n<p style=\"text-align: center;\"><a href=\"http:\/\/ciaexcessos.com.br\/ciawp\/wp-content\/uploads\/2015\/08\/Vitrine-de-Projetos_Paulo-Aureliano-da-Mata.jpg\"><img loading=\"lazy\" decoding=\"async\" class=\"alignnone wp-image-203 size-large\" title=\"O pol\u00edptico &quot;Homenagem a Oscar Niemeyer&quot; de Paulo Aureliano da Mata est\u00e1 na exposi\u00e7\u00e3o coletiva &quot;Vitrine de Projetos: Ensaios sobre a Fronteira&quot;. Com curadoria de Angela Barbour. De 4 de setembro a 12 de outubro de 2014. Galeria Marta Traba, Memorial da Am\u00e9rica Latina, S\u00e3o Paulo, SP, Brasil.\" src=\"http:\/\/ciaexcessos.com.br\/ciawp\/wp-content\/uploads\/2015\/08\/Vitrine-de-Projetos_Paulo-Aureliano-da-Mata-1024x1024.jpg\" alt=\"\" width=\"640\" height=\"640\" srcset=\"http:\/\/ciaexcessos.com.br\/ciawp\/wp-content\/uploads\/2015\/08\/Vitrine-de-Projetos_Paulo-Aureliano-da-Mata-1024x1024.jpg 1024w, http:\/\/ciaexcessos.com.br\/ciawp\/wp-content\/uploads\/2015\/08\/Vitrine-de-Projetos_Paulo-Aureliano-da-Mata-150x150.jpg 150w, http:\/\/ciaexcessos.com.br\/ciawp\/wp-content\/uploads\/2015\/08\/Vitrine-de-Projetos_Paulo-Aureliano-da-Mata-300x300.jpg 300w, http:\/\/ciaexcessos.com.br\/ciawp\/wp-content\/uploads\/2015\/08\/Vitrine-de-Projetos_Paulo-Aureliano-da-Mata.jpg 2048w\" sizes=\"auto, (max-width: 640px) 100vw, 640px\" \/><\/a><\/p>\n<p>&nbsp;<\/p>\n<p style=\"text-align: justify;\"><span style=\"color: #000000;\"><em>Homenagem a Oscar Niemeyer\u00a0<\/em>(pol\u00edptico), de Paulo Aureliano da Mata est\u00e1 na exposi\u00e7\u00e3o coletiva\u00a0<strong>Vitrine de Projetos: Ensaios sobre a Fronteira<\/strong>. Com curadoria de Angela Barbour. De 04 de setembro a 12 de outubro de 2014. Galeria Marta Traba, Funda\u00e7\u00e3o Memorial da Am\u00e9rica Latina, S\u00e3o Paulo, SP, Brasil.<\/span><\/p>\n","protected":false},"excerpt":{"rendered":"<p>&nbsp; &nbsp; Homenagem a Oscar Niemeyer\u00a0(pol\u00edptico), de Paulo Aureliano da Mata est\u00e1 na exposi\u00e7\u00e3o coletiva\u00a0Vitrine [&hellip;]<\/p>\n","protected":false},"author":1,"featured_media":0,"comment_status":"open","ping_status":"open","sticky":false,"template":"","format":"standard","meta":{"footnotes":""},"categories":[1],"tags":[],"class_list":["post-202","post","type-post","status-publish","format-standard","hentry","category-agenda"],"_links":{"self":[{"href":"http:\/\/ciaexcessos.com.br\/en\/wp-json\/wp\/v2\/posts\/202","targetHints":{"allow":["GET"]}}],"collection":[{"href":"http:\/\/ciaexcessos.com.br\/en\/wp-json\/wp\/v2\/posts"}],"about":[{"href":"http:\/\/ciaexcessos.com.br\/en\/wp-json\/wp\/v2\/types\/post"}],"author":[{"embeddable":true,"href":"http:\/\/ciaexcessos.com.br\/en\/wp-json\/wp\/v2\/users\/1"}],"replies":[{"embeddable":true,"href":"http:\/\/ciaexcessos.com.br\/en\/wp-json\/wp\/v2\/comments?post=202"}],"version-history":[{"count":8,"href":"http:\/\/ciaexcessos.com.br\/en\/wp-json\/wp\/v2\/posts\/202\/revisions"}],"predecessor-version":[{"id":434,"href":"http:\/\/ciaexcessos.com.br\/en\/wp-json\/wp\/v2\/posts\/202\/revisions\/434"}],"wp:attachment":[{"href":"http:\/\/ciaexcessos.com.br\/en\/wp-json\/wp\/v2\/media?parent=202"}],"wp:term":[{"taxonomy":"category","embeddable":true,"href":"http:\/\/ciaexcessos.com.br\/en\/wp-json\/wp\/v2\/categories?post=202"},{"taxonomy":"post_tag","embeddable":true,"href":"http:\/\/ciaexcessos.com.br\/en\/wp-json\/wp\/v2\/tags?post=202"}],"curies":[{"name":"wp","href":"https:\/\/api.w.org\/{rel}","templated":true}]}}