{"id":218,"date":"2014-11-19T13:07:55","date_gmt":"2014-11-19T15:07:55","guid":{"rendered":"http:\/\/ciaexcessos.com.br\/ciawp\/?p=218"},"modified":"2015-08-31T21:29:28","modified_gmt":"2015-09-01T00:29:28","slug":"comunicacao-performance","status":"publish","type":"post","link":"http:\/\/ciaexcessos.com.br\/en\/2014\/11\/19\/comunicacao-performance\/","title":{"rendered":"19\/11\/2014 __ Comunica\u00e7\u00e3o-performance &#8220;Livro da Mata, p\u00e1gina 13: Carta a Niemeyer&#8221; com Paulo Aureliano da Mata, Faculdade de Letras da Universidade do Porto, Porto, Portugal"},"content":{"rendered":"<p>&nbsp;<\/p>\n<p style=\"text-align: center;\"><span style=\"color: #000000;\"><a style=\"color: #000000;\" href=\"http:\/\/ciaexcessos.com.br\/ciawp\/wp-content\/uploads\/2015\/08\/Coloquio_Historia-da-Arte-em-Estudos-Transdisciplinares_Paulo-Aureliano-da-Mata.jpg\"><img loading=\"lazy\" decoding=\"async\" class=\"alignnone wp-image-219 size-full\" title=\"Comunica\u00e7\u00e3o-performance &quot;'Livro da Mata', p\u00e1gina 13: 'Carta a Niemeyer'&quot; de Paulo Aureliano da Mata. Col\u00f3quio Internacional &quot;Hist\u00f3ria da Arte em Estudos Transdisciplinares: Pr\u00e1ticas Art\u00edsticas Contempor\u00e2neas&quot;. 19 de novembro de 2014. Faculdade de Letras da Universidade do Porto, Portugal. Ver em: https:\/\/pacflup.wordpress.com\/2014\/11\/23\/paulo-aureliano-da-mata-livro-da-mata-pagina-13-carta-a-niemeyer\/.\" src=\"http:\/\/ciaexcessos.com.br\/ciawp\/wp-content\/uploads\/2015\/08\/Coloquio_Historia-da-Arte-em-Estudos-Transdisciplinares_Paulo-Aureliano-da-Mata.jpg\" alt=\"Coloquio_Historia da Arte em Estudos Transdisciplinares_Paulo Aureliano da Mata\" width=\"960\" height=\"678\" srcset=\"http:\/\/ciaexcessos.com.br\/ciawp\/wp-content\/uploads\/2015\/08\/Coloquio_Historia-da-Arte-em-Estudos-Transdisciplinares_Paulo-Aureliano-da-Mata.jpg 960w, http:\/\/ciaexcessos.com.br\/ciawp\/wp-content\/uploads\/2015\/08\/Coloquio_Historia-da-Arte-em-Estudos-Transdisciplinares_Paulo-Aureliano-da-Mata-300x212.jpg 300w\" sizes=\"auto, (max-width: 960px) 100vw, 960px\" \/><\/a><\/span><\/p>\n<p>&nbsp;<\/p>\n<p style=\"text-align: justify;\"><span style=\"color: #000000;\">Comunica\u00e7\u00e3o-performance\u00a0<em>Livro da Mata, p\u00e1gina 13: Carta a Niemeyer<\/em>,\u00a0de Paulo Aureliano da Mata. Col\u00f3quio Internacional\u00a0<strong>Hist\u00f3ria da Arte em Estudos Transdisciplinares: Pr\u00e1ticas Art\u00edsticas Contempor\u00e2neas<\/strong>. 19 de novembro de 2014. Faculdade de Letras da Universidade do Porto, Portugal.\u00a0Ver em:\u00a0<span style=\"text-decoration: underline;\"><a style=\"color: #000000; text-decoration: underline;\" href=\"https:\/\/pacflup.wordpress.com\/2014\/11\/23\/paulo-aureliano-da-mata-livro-da-mata-pagina-13-carta-a-niemeyer\/\" target=\"_blank\">https:\/\/pacflup.wordpress.com\/2014\/11\/23\/paulo-aureliano-da-mata-livro-da-mata-pagina-13-carta-a-niemeyer\/<\/a><\/span><\/span><\/p>\n<p>&nbsp;<\/p>\n<p style=\"text-align: justify;\"><span style=\"color: #000000;\"><span style=\"text-decoration: underline;\">Sinopse<\/span>:\u00a0Se Lygia Clark escreveu em seu di\u00e1rio um texto a Mondrian em maio de 1959, por que eu n\u00e3o poderia escrever um texto a Niemeyer em abril de 2014? Passo a passo da p\u00e1gina 13: escrever uma carta a Niemeyer e, por conseguinte, combinar novas linhas com a da vida, do destino e da mente para depois ler o futuro tamb\u00e9m atrav\u00e9s das linhas \u201cniemeyerianas\u201d. Proponho, ent\u00e3o, nessa apresenta\u00e7\u00e3o, percorrer o\u00a0<i>Livro da Mata<\/i>\u00a0at\u00e9 uma metaf\u00f3rica quiromancia criada por meio da obra\u00a0<i>Homenagem a Oscar Niemeyer<\/i>, consistindo num trabalho de\u00a0<i>body art<\/i>\u00a0em di\u00e1logo com a escultura \u201cA Grande M\u00e3o\u201d da pra\u00e7a do Memorial da Am\u00e9rica Latina (S\u00e3o Paulo, Brasil), com os estudos perform\u00e1ticos, com a fotografia e com a tatuagem.<\/span><\/p>\n","protected":false},"excerpt":{"rendered":"<p>&nbsp; &nbsp; Comunica\u00e7\u00e3o-performance\u00a0Livro da Mata, p\u00e1gina 13: Carta a Niemeyer,\u00a0de Paulo Aureliano da Mata. Col\u00f3quio [&hellip;]<\/p>\n","protected":false},"author":1,"featured_media":0,"comment_status":"open","ping_status":"open","sticky":false,"template":"","format":"standard","meta":{"footnotes":""},"categories":[1],"tags":[],"class_list":["post-218","post","type-post","status-publish","format-standard","hentry","category-agenda"],"_links":{"self":[{"href":"http:\/\/ciaexcessos.com.br\/en\/wp-json\/wp\/v2\/posts\/218","targetHints":{"allow":["GET"]}}],"collection":[{"href":"http:\/\/ciaexcessos.com.br\/en\/wp-json\/wp\/v2\/posts"}],"about":[{"href":"http:\/\/ciaexcessos.com.br\/en\/wp-json\/wp\/v2\/types\/post"}],"author":[{"embeddable":true,"href":"http:\/\/ciaexcessos.com.br\/en\/wp-json\/wp\/v2\/users\/1"}],"replies":[{"embeddable":true,"href":"http:\/\/ciaexcessos.com.br\/en\/wp-json\/wp\/v2\/comments?post=218"}],"version-history":[{"count":8,"href":"http:\/\/ciaexcessos.com.br\/en\/wp-json\/wp\/v2\/posts\/218\/revisions"}],"predecessor-version":[{"id":432,"href":"http:\/\/ciaexcessos.com.br\/en\/wp-json\/wp\/v2\/posts\/218\/revisions\/432"}],"wp:attachment":[{"href":"http:\/\/ciaexcessos.com.br\/en\/wp-json\/wp\/v2\/media?parent=218"}],"wp:term":[{"taxonomy":"category","embeddable":true,"href":"http:\/\/ciaexcessos.com.br\/en\/wp-json\/wp\/v2\/categories?post=218"},{"taxonomy":"post_tag","embeddable":true,"href":"http:\/\/ciaexcessos.com.br\/en\/wp-json\/wp\/v2\/tags?post=218"}],"curies":[{"name":"wp","href":"https:\/\/api.w.org\/{rel}","templated":true}]}}