{"id":252,"date":"2015-01-17T14:19:35","date_gmt":"2015-01-17T16:19:35","guid":{"rendered":"http:\/\/ciaexcessos.com.br\/ciawp\/?p=252"},"modified":"2015-08-31T21:27:44","modified_gmt":"2015-09-01T00:27:44","slug":"beija-me-sesc-ribeirao-preto","status":"publish","type":"post","link":"http:\/\/ciaexcessos.com.br\/en\/2015\/01\/17\/beija-me-sesc-ribeirao-preto\/","title":{"rendered":"16\/01-06\/03\/2015 __ Exposi\u00e7\u00e3o &#8220;Beija-me&#8221;, SESC Ribeir\u00e3o Preto, Ribeir\u00e3o Preto, Brasil"},"content":{"rendered":"<p>&nbsp;<\/p>\n<p style=\"text-align: center;\"><a href=\"http:\/\/ciaexcessos.com.br\/ciawp\/wp-content\/uploads\/2015\/01\/Exposi\u00e7\u00e3o-Beija-Me-Cia-Excessos-Amor-Diverso-Sesc-Ribeir\u00e3o-Preto.jpg\"><img loading=\"lazy\" decoding=\"async\" class=\"alignnone wp-image-257 size-full\" title=\"Exposi\u00e7\u00e3o &quot;Beija-me&quot; de Cia. Excessos (Paulo Aureliano da Mata e Tales Frey). Abertura: 16\/01\/2015, sexta, \u00e0s 20h30. Visita\u00e7\u00e3o: de 17\/01\/2015 a 06\/03\/2015, de ter\u00e7a a sexta, das 13h30 \u00e0s 21h30; s\u00e1bados, domingos e feriados, das 10h \u00e0s 18h. SESC Ribeir\u00e3o Preto, Ribeir\u00e3o Preto, Brasil. Ver em: http:\/\/goo.gl\/Yug3RN.\" src=\"http:\/\/ciaexcessos.com.br\/ciawp\/wp-content\/uploads\/2015\/01\/Exposi\u00e7\u00e3o-Beija-Me-Cia-Excessos-Amor-Diverso-Sesc-Ribeir\u00e3o-Preto.jpg\" alt=\"\" width=\"630\" height=\"469\" srcset=\"http:\/\/ciaexcessos.com.br\/ciawp\/wp-content\/uploads\/2015\/01\/Exposi\u00e7\u00e3o-Beija-Me-Cia-Excessos-Amor-Diverso-Sesc-Ribeir\u00e3o-Preto.jpg 630w, http:\/\/ciaexcessos.com.br\/ciawp\/wp-content\/uploads\/2015\/01\/Exposi\u00e7\u00e3o-Beija-Me-Cia-Excessos-Amor-Diverso-Sesc-Ribeir\u00e3o-Preto-300x223.jpg 300w, http:\/\/ciaexcessos.com.br\/ciawp\/wp-content\/uploads\/2015\/01\/Exposi\u00e7\u00e3o-Beija-Me-Cia-Excessos-Amor-Diverso-Sesc-Ribeir\u00e3o-Preto-270x200.jpg 270w\" sizes=\"auto, (max-width: 630px) 100vw, 630px\" \/><\/a><\/p>\n<p>&nbsp;<\/p>\n<p style=\"text-align: justify;\"><span style=\"color: #000000;\">Exposi\u00e7\u00e3o\u00a0<strong>Beija-me<\/strong>,\u00a0de Cia. Excessos (Paulo Aureliano da Mata e Tales Frey). Abertura: 16\/01\/2015, sexta, \u00e0s 20h30. Visita\u00e7\u00e3o: de 17\/01\/2015 a 06\/03\/2015, de ter\u00e7a a sexta, das 13h30 \u00e0s 21h30; s\u00e1bados, domingos e feriados, das 10h \u00e0s 18h. SESC Ribeir\u00e3o Preto, Ribeir\u00e3o Preto, Brasil. Ver em:\u00a0<span style=\"text-decoration: underline;\"><a style=\"color: #000000; text-decoration: underline;\" href=\"http:\/\/www.sescsp.org.br\/programacao\/52440_EXPOSICAO+BEIJAME#\/content=saiba-mais\" target=\"_blank\">http:\/\/goo.gl\/Yug3RN<\/a><\/span><\/span><\/p>\n","protected":false},"excerpt":{"rendered":"<p>&nbsp; &nbsp; Exposi\u00e7\u00e3o\u00a0Beija-me,\u00a0de Cia. Excessos (Paulo Aureliano da Mata e Tales Frey). Abertura: 16\/01\/2015, sexta, [&hellip;]<\/p>\n","protected":false},"author":1,"featured_media":0,"comment_status":"open","ping_status":"open","sticky":false,"template":"","format":"standard","meta":{"footnotes":""},"categories":[1],"tags":[],"class_list":["post-252","post","type-post","status-publish","format-standard","hentry","category-agenda"],"_links":{"self":[{"href":"http:\/\/ciaexcessos.com.br\/en\/wp-json\/wp\/v2\/posts\/252","targetHints":{"allow":["GET"]}}],"collection":[{"href":"http:\/\/ciaexcessos.com.br\/en\/wp-json\/wp\/v2\/posts"}],"about":[{"href":"http:\/\/ciaexcessos.com.br\/en\/wp-json\/wp\/v2\/types\/post"}],"author":[{"embeddable":true,"href":"http:\/\/ciaexcessos.com.br\/en\/wp-json\/wp\/v2\/users\/1"}],"replies":[{"embeddable":true,"href":"http:\/\/ciaexcessos.com.br\/en\/wp-json\/wp\/v2\/comments?post=252"}],"version-history":[{"count":5,"href":"http:\/\/ciaexcessos.com.br\/en\/wp-json\/wp\/v2\/posts\/252\/revisions"}],"predecessor-version":[{"id":430,"href":"http:\/\/ciaexcessos.com.br\/en\/wp-json\/wp\/v2\/posts\/252\/revisions\/430"}],"wp:attachment":[{"href":"http:\/\/ciaexcessos.com.br\/en\/wp-json\/wp\/v2\/media?parent=252"}],"wp:term":[{"taxonomy":"category","embeddable":true,"href":"http:\/\/ciaexcessos.com.br\/en\/wp-json\/wp\/v2\/categories?post=252"},{"taxonomy":"post_tag","embeddable":true,"href":"http:\/\/ciaexcessos.com.br\/en\/wp-json\/wp\/v2\/tags?post=252"}],"curies":[{"name":"wp","href":"https:\/\/api.w.org\/{rel}","templated":true}]}}