{"id":304,"date":"2015-06-13T15:15:22","date_gmt":"2015-06-13T18:15:22","guid":{"rendered":"http:\/\/ciaexcessos.com.br\/?p=304"},"modified":"2015-09-02T09:35:06","modified_gmt":"2015-09-02T12:35:06","slug":"bienal-da-maia-cia-excessos","status":"publish","type":"post","link":"http:\/\/ciaexcessos.com.br\/en\/2015\/06\/13\/bienal-da-maia-cia-excessos\/","title":{"rendered":"13\/06-30\/08-2015 __ Momento II da I Bienal da Maia: &#8220;Lugares de Viagem&#8221;, Maia, Portugal"},"content":{"rendered":"<p>&nbsp;<\/p>\n<p style=\"text-align: center;\"><img loading=\"lazy\" decoding=\"async\" class=\"alignnone wp-image-622 size-large\" src=\"http:\/\/ciaexcessos.com.br\/ciawp\/wp-content\/uploads\/2015\/06\/bienal-da-maia-cia-excessos-tales-frey-paulo-aureliano-da-mata-1024x683.jpg\" alt=\"\" width=\"640\" height=\"427\" srcset=\"http:\/\/ciaexcessos.com.br\/ciawp\/wp-content\/uploads\/2015\/06\/bienal-da-maia-cia-excessos-tales-frey-paulo-aureliano-da-mata-1024x683.jpg 1024w, http:\/\/ciaexcessos.com.br\/ciawp\/wp-content\/uploads\/2015\/06\/bienal-da-maia-cia-excessos-tales-frey-paulo-aureliano-da-mata-300x200.jpg 300w\" sizes=\"auto, (max-width: 640px) 100vw, 640px\" \/><\/p>\n<p style=\"text-align: center;\"><img loading=\"lazy\" decoding=\"async\" class=\"alignnone wp-image-550 size-large\" src=\"http:\/\/ciaexcessos.com.br\/ciawp\/wp-content\/uploads\/2015\/08\/eu-gisberta-paulo-aureliano-da-mata-1024x683.jpg\" alt=\"\" width=\"640\" height=\"427\" srcset=\"http:\/\/ciaexcessos.com.br\/ciawp\/wp-content\/uploads\/2015\/08\/eu-gisberta-paulo-aureliano-da-mata-1024x683.jpg 1024w, http:\/\/ciaexcessos.com.br\/ciawp\/wp-content\/uploads\/2015\/08\/eu-gisberta-paulo-aureliano-da-mata-300x200.jpg 300w\" sizes=\"auto, (max-width: 640px) 100vw, 640px\" \/><\/p>\n<p>&nbsp;<\/p>\n<p style=\"text-align: justify;\"><span style=\"color: #000000;\"><em>Eu\u00a0<\/em><em>Gisberta<\/em>,\u00a0de Paulo Aureliano da Mata (Cia. Excessos) e <em>Reverso &#8211; Variante I<\/em>,\u00a0<em>Re-banho<\/em>\u00a0e\u00a0<em>Outro Beijo no Asfalto<\/em>,\u00a0de Tales Frey (Cia. Excessos) est\u00e3o na exposi\u00e7\u00e3o coletiva\u00a0<em>M\u00faltiplas Perspectivas e n\u00e3o menos Contradi\u00e7\u00f5es e Sonhos<\/em>, com curadoria de Jos\u00e9 Maia. Momento II da\u00a0<strong>I Bienal da Maia:\u00a0<em>Lugares de Viagem<\/em><\/strong>. De\u00a013 de junho a 30 de agosto de 2015.\u00a0Maia, Portugal. Ver em:\u00a0<span style=\"text-decoration: underline;\"><a style=\"color: #000000;\" href=\"https:\/\/goo.gl\/UJK9A4\" target=\"_blank\">https:\/\/goo.gl\/UJK9A4<\/a><\/span><\/span><\/p>\n","protected":false},"excerpt":{"rendered":"<p>&nbsp; &nbsp; Eu\u00a0Gisberta,\u00a0de Paulo Aureliano da Mata (Cia. Excessos) e Reverso &#8211; Variante I,\u00a0Re-banho\u00a0e\u00a0Outro Beijo [&hellip;]<\/p>\n","protected":false},"author":1,"featured_media":0,"comment_status":"open","ping_status":"open","sticky":false,"template":"","format":"standard","meta":{"footnotes":""},"categories":[1],"tags":[],"class_list":["post-304","post","type-post","status-publish","format-standard","hentry","category-agenda"],"_links":{"self":[{"href":"http:\/\/ciaexcessos.com.br\/en\/wp-json\/wp\/v2\/posts\/304","targetHints":{"allow":["GET"]}}],"collection":[{"href":"http:\/\/ciaexcessos.com.br\/en\/wp-json\/wp\/v2\/posts"}],"about":[{"href":"http:\/\/ciaexcessos.com.br\/en\/wp-json\/wp\/v2\/types\/post"}],"author":[{"embeddable":true,"href":"http:\/\/ciaexcessos.com.br\/en\/wp-json\/wp\/v2\/users\/1"}],"replies":[{"embeddable":true,"href":"http:\/\/ciaexcessos.com.br\/en\/wp-json\/wp\/v2\/comments?post=304"}],"version-history":[{"count":4,"href":"http:\/\/ciaexcessos.com.br\/en\/wp-json\/wp\/v2\/posts\/304\/revisions"}],"predecessor-version":[{"id":623,"href":"http:\/\/ciaexcessos.com.br\/en\/wp-json\/wp\/v2\/posts\/304\/revisions\/623"}],"wp:attachment":[{"href":"http:\/\/ciaexcessos.com.br\/en\/wp-json\/wp\/v2\/media?parent=304"}],"wp:term":[{"taxonomy":"category","embeddable":true,"href":"http:\/\/ciaexcessos.com.br\/en\/wp-json\/wp\/v2\/categories?post=304"},{"taxonomy":"post_tag","embeddable":true,"href":"http:\/\/ciaexcessos.com.br\/en\/wp-json\/wp\/v2\/tags?post=304"}],"curies":[{"name":"wp","href":"https:\/\/api.w.org\/{rel}","templated":true}]}}